{"id":171,"date":"2019-04-14T11:19:51","date_gmt":"2019-04-14T10:19:51","guid":{"rendered":"https:\/\/bonkers.de\/?p=171"},"modified":"2020-08-30T06:30:14","modified_gmt":"2020-08-30T05:30:14","slug":"5g-warum-nicht","status":"publish","type":"post","link":"https:\/\/bonkers.de\/?p=171","title":{"rendered":"5G warum nicht?"},"content":{"rendered":"\n<p>5G wird, wie jede moderne drahtlose Kommunikationstechnik, gerne als gef\u00e4hrlich verteufelt, gerade jetzt gibt es wieder Petitionen dagegen. <br>Die Auswirkungen elektromagnetischer Strahlung in dieser St\u00e4rke und diesem Frequenzbereich sind aber eigentlich sehr gut erforscht. Anlass zur Sorge gibt es bei sachgem\u00e4\u00dfem Gebrauch nicht. Wie Sonnenlicht wird diese Strahlung in den obersten Hautschichten absorbiert und in W\u00e4rme umgewandelt, sie ist aber deutlich weniger energiereich als Sonnenlicht, heizt also entsprechend sehr viel weniger auf. <br>Leider ist der Begriff Strahlung durch Radioaktivit\u00e4t extrem negativ vorbelastet, was schnell zu einer Voreingenommenheit f\u00fchrt.<br>Elektrosmog ist leider etwas das sich Anekdotenhaft sehr leicht erkl\u00e4ren l\u00e4sst, ohne das dabei irgend ein echter Zusammenhang belegt wird.<br>Diesen nicht vorhandenen Fakten zu einer Gef\u00e4hrdung steht ein enormer Bedarf f\u00fcr die 5G Technologie gegen\u00fcber. W\u00e4hrend die meisten Menschen 5G mit schnellerem Surfen per Handy gleichsetzen ist der tats\u00e4chliche Nutzen sehr viel weitreichender und wichtiger. 5G ist die notwendige Basis f\u00fcr eine moderne Landwirtschaft, Umweltkontrollen, Verkehrssicherheit &#8230;.<br>Die Liste ist endlos lang und jeder von uns ist davon betroffen. Ganz besonders wichtig ist 5G aber am Ende f\u00fcr Deutschland als Industrienation, unser Reichtum beruht auf Technologie und wir sind dank dem idiotischen Lobbyismus der letzten Jahrzehnte tief in der Automobilen Falle gefangen. Wenn wir jetzt auch noch 5G als Grundlage f\u00fcr einen Neuaufbau unserer Technologie Kompetenz verweigern dann sieht es schwarz aus f\u00fcr die Zukunft unserer Kinder und Enkel, sie werden nicht nur mit den Folgen unserer verheerenden Umweltpolitik k\u00e4mpfen m\u00fcssen, wir nehmen ihnen auch noch wichtige Werkzeuge f\u00fcr diesen Kampf weg.<\/p>\n","protected":false},"excerpt":{"rendered":"<p>5G wird, wie jede moderne drahtlose Kommunikationstechnik, gerne als gef\u00e4hrlich verteufelt, gerade jetzt gibt es wieder Petitionen dagegen. Die Auswirkungen elektromagnetischer Strahlung in dieser St\u00e4rke und diesem Frequenzbereich sind aber eigentlich sehr gut erforscht. Anlass zur Sorge gibt es bei sachgem\u00e4\u00dfem Gebrauch nicht. Wie Sonnenlicht wird diese Strahlung in den obersten Hautschichten absorbiert und in [&hellip;]<\/p>\n","protected":false},"author":1,"featured_media":0,"comment_status":"closed","ping_status":"closed","sticky":false,"template":"","format":"standard","meta":{"footnotes":""},"categories":[1],"tags":[],"class_list":["post-171","post","type-post","status-publish","format-standard","hentry","category-uncategorized"],"_links":{"self":[{"href":"https:\/\/bonkers.de\/index.php?rest_route=\/wp\/v2\/posts\/171","targetHints":{"allow":["GET"]}}],"collection":[{"href":"https:\/\/bonkers.de\/index.php?rest_route=\/wp\/v2\/posts"}],"about":[{"href":"https:\/\/bonkers.de\/index.php?rest_route=\/wp\/v2\/types\/post"}],"author":[{"embeddable":true,"href":"https:\/\/bonkers.de\/index.php?rest_route=\/wp\/v2\/users\/1"}],"replies":[{"embeddable":true,"href":"https:\/\/bonkers.de\/index.php?rest_route=%2Fwp%2Fv2%2Fcomments&post=171"}],"version-history":[{"count":2,"href":"https:\/\/bonkers.de\/index.php?rest_route=\/wp\/v2\/posts\/171\/revisions"}],"predecessor-version":[{"id":179,"href":"https:\/\/bonkers.de\/index.php?rest_route=\/wp\/v2\/posts\/171\/revisions\/179"}],"wp:attachment":[{"href":"https:\/\/bonkers.de\/index.php?rest_route=%2Fwp%2Fv2%2Fmedia&parent=171"}],"wp:term":[{"taxonomy":"category","embeddable":true,"href":"https:\/\/bonkers.de\/index.php?rest_route=%2Fwp%2Fv2%2Fcategories&post=171"},{"taxonomy":"post_tag","embeddable":true,"href":"https:\/\/bonkers.de\/index.php?rest_route=%2Fwp%2Fv2%2Ftags&post=171"}],"curies":[{"name":"wp","href":"https:\/\/api.w.org\/{rel}","templated":true}]}}